{"id":3964,"date":"2015-01-12T12:00:27","date_gmt":"2015-01-12T11:00:27","guid":{"rendered":"https:\/\/dia-test.aau.at\/de\/?p=3964"},"modified":"2020-11-11T10:17:14","modified_gmt":"2020-11-11T09:17:14","slug":"wir-sind-mit-oeffentlichen-verkehrsmitteln-jetzt-noch-besser-erreichbar","status":"publish","type":"post","link":"https:\/\/dia.aau.at\/de\/blog\/2015\/01\/12\/wir-sind-mit-oeffentlichen-verkehrsmitteln-jetzt-noch-besser-erreichbar\/","title":{"rendered":"Wir sind mit \u00f6ffentlichen Verkehrsmitteln jetzt noch besser erreichbar!"},"content":{"rendered":"<p>Neue Haltestellen verbessern die Erreichbarkeit der Universit\u00e4t.<\/p>\n<p>Sowohl die <strong>neue S-Bahn-Haltestelle der \u00d6BB<\/strong>, <strong>Klagenfurt West<\/strong>, als auch Linienumstellungen der Stadtwerke verbessern die Erreichbarkeit der Universit\u00e4t Klagenfurt mittels \u00f6ffentlicher Verkehrsmittel. Auch ans Nachtlinien-Netz der Stadtwerke wurde die Haltestelle bei der Universit\u00e4t angeschlossen. Dieser Fahrplan ist seit 14. Dezember des vergangenen Jahres g\u00fcltig und soll die Nutzung \u00f6ffentlicher Verkehrsmittel bei Fahrten zur Universit\u00e4t attraktiver machen.<\/p>\n<p>Eine neue \u00d6BB-Haltestelle wurde im Bereich der Stra\u00dfenunterf\u00fchrung Kohldorfer Stra\u00dfe in Betrieb genommen. Sie verf\u00fcgt \u00fcber zwei moderne Bahnsteige mit inkludiertem Blindenleitsystem und einer <strong>Bike &amp; Ride-Anlage<\/strong>. Diese Haltestelle ist durch eine neue Bushaltestelle der Stadtwerke mit der Universit\u00e4t verbunden. Alle 15 Minuten von 07:05 bis 20:50 Uhr erreicht ein Stadtwerke-Bus diese Haltestelle.<\/p>\n","protected":false},"excerpt":{"rendered":"<p>Neue Haltestellen verbessern die Erreichbarkeit der Universit\u00e4t. Sowohl die neue S-Bahn-Haltestelle der \u00d6BB, Klagenfurt West, als auch Linienumstellungen der Stadtwerke verbessern die Erreichbarkeit der Universit\u00e4t Klagenfurt mittels \u00f6ffentlicher Verkehrsmittel. Auch ans Nachtlinien-Netz der Stadtwerke wurde die Haltestelle bei der Universit\u00e4t angeschlossen. Dieser Fahrplan ist seit 14. Dezember des vergangenen Jahres g\u00fcltig und soll die Nutzung [&hellip;]<\/p>\n","protected":false},"author":3,"featured_media":4227,"comment_status":"closed","ping_status":"open","sticky":false,"template":"","format":"standard","meta":{"footnotes":""},"categories":[156],"tags":[],"class_list":["post-3964","post","type-post","status-publish","format-standard","has-post-thumbnail","hentry","category-156"],"yoast_head":"<!-- This site is optimized with the Yoast SEO plugin v27.8 - https:\/\/yoast.com\/product\/yoast-seo-wordpress\/ -->\n<title>Wir sind mit \u00f6ffentlichen Verkehrsmitteln jetzt noch besser erreichbar! - Deutsch in \u00d6sterreich - AAU (DE)<\/title>\n<meta name=\"robots\" content=\"index, follow, max-snippet:-1, max-image-preview:large, max-video-preview:-1\" \/>\n<link rel=\"canonical\" href=\"https:\/\/dia.aau.at\/de\/blog\/2015\/01\/12\/wir-sind-mit-oeffentlichen-verkehrsmitteln-jetzt-noch-besser-erreichbar\/\" \/>\n<meta property=\"og:locale\" content=\"de_DE\" \/>\n<meta property=\"og:type\" content=\"article\" \/>\n<meta property=\"og:title\" content=\"Wir sind mit \u00f6ffentlichen Verkehrsmitteln jetzt noch besser erreichbar! - Deutsch in \u00d6sterreich - AAU (DE)\" \/>\n<meta property=\"og:description\" content=\"Neue Haltestellen verbessern die Erreichbarkeit der Universit\u00e4t. Sowohl die neue S-Bahn-Haltestelle der \u00d6BB, Klagenfurt West, als auch Linienumstellungen der Stadtwerke verbessern die Erreichbarkeit der Universit\u00e4t Klagenfurt mittels \u00f6ffentlicher Verkehrsmittel. Auch ans Nachtlinien-Netz der Stadtwerke wurde die Haltestelle bei der Universit\u00e4t angeschlossen. Dieser Fahrplan ist seit 14. Dezember des vergangenen Jahres g\u00fcltig und soll die Nutzung [&hellip;]\" \/>\n<meta property=\"og:url\" content=\"https:\/\/dia.aau.at\/de\/blog\/2015\/01\/12\/wir-sind-mit-oeffentlichen-verkehrsmitteln-jetzt-noch-besser-erreichbar\/\" \/>\n<meta property=\"og:site_name\" content=\"Deutsch in \u00d6sterreich - AAU (DE)\" \/>\n<meta property=\"article:published_time\" content=\"2015-01-12T11:00:27+00:00\" \/>\n<meta property=\"article:modified_time\" content=\"2020-11-11T09:17:14+00:00\" \/>\n<meta property=\"og:image\" content=\"https:\/\/dia.aau.at\/de\/wp-content\/uploads\/sites\/4\/2015\/01\/Blog-01_\u00d6BB-Pressefoto-scaled.jpg\" \/>\n\t<meta property=\"og:image:width\" content=\"2560\" \/>\n\t<meta property=\"og:image:height\" content=\"996\" \/>\n\t<meta property=\"og:image:type\" content=\"image\/jpeg\" \/>\n<meta name=\"twitter:card\" content=\"summary_large_image\" \/>\n<meta name=\"twitter:label1\" content=\"Verfasst von\" \/>\n\t<meta name=\"twitter:data1\" content=\"\" \/>\n\t<meta name=\"twitter:label2\" content=\"Gesch\u00e4tzte Lesezeit\" \/>\n\t<meta name=\"twitter:data2\" content=\"1\u00a0Minute\" \/>\n<script type=\"application\/ld+json\" class=\"yoast-schema-graph\">{\"@context\":\"https:\\\/\\\/schema.org\",\"@graph\":[{\"@type\":\"Article\",\"@id\":\"https:\\\/\\\/dia.aau.at\\\/de\\\/blog\\\/2015\\\/01\\\/12\\\/wir-sind-mit-oeffentlichen-verkehrsmitteln-jetzt-noch-besser-erreichbar\\\/#article\",\"isPartOf\":{\"@id\":\"https:\\\/\\\/dia.aau.at\\\/de\\\/blog\\\/2015\\\/01\\\/12\\\/wir-sind-mit-oeffentlichen-verkehrsmitteln-jetzt-noch-besser-erreichbar\\\/\"},\"author\":{\"name\":\"\",\"@id\":\"\"},\"headline\":\"Wir sind mit \u00f6ffentlichen Verkehrsmitteln jetzt noch besser erreichbar!\",\"datePublished\":\"2015-01-12T11:00:27+00:00\",\"dateModified\":\"2020-11-11T09:17:14+00:00\",\"mainEntityOfPage\":{\"@id\":\"https:\\\/\\\/dia.aau.at\\\/de\\\/blog\\\/2015\\\/01\\\/12\\\/wir-sind-mit-oeffentlichen-verkehrsmitteln-jetzt-noch-besser-erreichbar\\\/\"},\"wordCount\":131,\"image\":{\"@id\":\"https:\\\/\\\/dia.aau.at\\\/de\\\/blog\\\/2015\\\/01\\\/12\\\/wir-sind-mit-oeffentlichen-verkehrsmitteln-jetzt-noch-besser-erreichbar\\\/#primaryimage\"},\"thumbnailUrl\":\"https:\\\/\\\/dia.aau.at\\\/de\\\/wp-content\\\/uploads\\\/sites\\\/4\\\/2015\\\/01\\\/Blog-01_\u00d6BB-Pressefoto-scaled.jpg\",\"articleSection\":[\"2015\"],\"inLanguage\":\"de\"},{\"@type\":\"WebPage\",\"@id\":\"https:\\\/\\\/dia.aau.at\\\/de\\\/blog\\\/2015\\\/01\\\/12\\\/wir-sind-mit-oeffentlichen-verkehrsmitteln-jetzt-noch-besser-erreichbar\\\/\",\"url\":\"https:\\\/\\\/dia.aau.at\\\/de\\\/blog\\\/2015\\\/01\\\/12\\\/wir-sind-mit-oeffentlichen-verkehrsmitteln-jetzt-noch-besser-erreichbar\\\/\",\"name\":\"Wir sind mit \u00f6ffentlichen Verkehrsmitteln jetzt noch besser erreichbar! - Deutsch in \u00d6sterreich - AAU (DE)\",\"isPartOf\":{\"@id\":\"https:\\\/\\\/dia.aau.at\\\/de\\\/#website\"},\"primaryImageOfPage\":{\"@id\":\"https:\\\/\\\/dia.aau.at\\\/de\\\/blog\\\/2015\\\/01\\\/12\\\/wir-sind-mit-oeffentlichen-verkehrsmitteln-jetzt-noch-besser-erreichbar\\\/#primaryimage\"},\"image\":{\"@id\":\"https:\\\/\\\/dia.aau.at\\\/de\\\/blog\\\/2015\\\/01\\\/12\\\/wir-sind-mit-oeffentlichen-verkehrsmitteln-jetzt-noch-besser-erreichbar\\\/#primaryimage\"},\"thumbnailUrl\":\"https:\\\/\\\/dia.aau.at\\\/de\\\/wp-content\\\/uploads\\\/sites\\\/4\\\/2015\\\/01\\\/Blog-01_\u00d6BB-Pressefoto-scaled.jpg\",\"datePublished\":\"2015-01-12T11:00:27+00:00\",\"dateModified\":\"2020-11-11T09:17:14+00:00\",\"author\":{\"@id\":\"\"},\"breadcrumb\":{\"@id\":\"https:\\\/\\\/dia.aau.at\\\/de\\\/blog\\\/2015\\\/01\\\/12\\\/wir-sind-mit-oeffentlichen-verkehrsmitteln-jetzt-noch-besser-erreichbar\\\/#breadcrumb\"},\"inLanguage\":\"de\",\"potentialAction\":[{\"@type\":\"ReadAction\",\"target\":[\"https:\\\/\\\/dia.aau.at\\\/de\\\/blog\\\/2015\\\/01\\\/12\\\/wir-sind-mit-oeffentlichen-verkehrsmitteln-jetzt-noch-besser-erreichbar\\\/\"]}]},{\"@type\":\"ImageObject\",\"inLanguage\":\"de\",\"@id\":\"https:\\\/\\\/dia.aau.at\\\/de\\\/blog\\\/2015\\\/01\\\/12\\\/wir-sind-mit-oeffentlichen-verkehrsmitteln-jetzt-noch-besser-erreichbar\\\/#primaryimage\",\"url\":\"https:\\\/\\\/dia.aau.at\\\/de\\\/wp-content\\\/uploads\\\/sites\\\/4\\\/2015\\\/01\\\/Blog-01_\u00d6BB-Pressefoto-scaled.jpg\",\"contentUrl\":\"https:\\\/\\\/dia.aau.at\\\/de\\\/wp-content\\\/uploads\\\/sites\\\/4\\\/2015\\\/01\\\/Blog-01_\u00d6BB-Pressefoto-scaled.jpg\",\"width\":2560,\"height\":996,\"caption\":\"Copyright: \u00d6BB | presse.oebb.at (Pressefoto)\"},{\"@type\":\"BreadcrumbList\",\"@id\":\"https:\\\/\\\/dia.aau.at\\\/de\\\/blog\\\/2015\\\/01\\\/12\\\/wir-sind-mit-oeffentlichen-verkehrsmitteln-jetzt-noch-besser-erreichbar\\\/#breadcrumb\",\"itemListElement\":[{\"@type\":\"ListItem\",\"position\":1,\"name\":\"Startseite\",\"item\":\"https:\\\/\\\/dia.aau.at\\\/de\\\/\"},{\"@type\":\"ListItem\",\"position\":2,\"name\":\"Wir sind mit \u00f6ffentlichen Verkehrsmitteln jetzt noch besser erreichbar!\"}]},{\"@type\":\"WebSite\",\"@id\":\"https:\\\/\\\/dia.aau.at\\\/de\\\/#website\",\"url\":\"https:\\\/\\\/dia.aau.at\\\/de\\\/\",\"name\":\"Deutsch in \u00d6sterreich - AAU (DE)\",\"description\":\"German and other languages at the University of Klagenfurt\",\"potentialAction\":[{\"@type\":\"SearchAction\",\"target\":{\"@type\":\"EntryPoint\",\"urlTemplate\":\"https:\\\/\\\/dia.aau.at\\\/de\\\/?s={search_term_string}\"},\"query-input\":{\"@type\":\"PropertyValueSpecification\",\"valueRequired\":true,\"valueName\":\"search_term_string\"}}],\"inLanguage\":\"de\"},{\"@type\":\"Person\",\"@id\":\"\",\"url\":\"https:\\\/\\\/dia.aau.at\\\/de\\\/blog\\\/author\\\/\"}]}<\/script>\n<!-- \/ Yoast SEO plugin. -->","yoast_head_json":{"title":"Wir sind mit \u00f6ffentlichen Verkehrsmitteln jetzt noch besser erreichbar! - Deutsch in \u00d6sterreich - AAU (DE)","robots":{"index":"index","follow":"follow","max-snippet":"max-snippet:-1","max-image-preview":"max-image-preview:large","max-video-preview":"max-video-preview:-1"},"canonical":"https:\/\/dia.aau.at\/de\/blog\/2015\/01\/12\/wir-sind-mit-oeffentlichen-verkehrsmitteln-jetzt-noch-besser-erreichbar\/","og_locale":"de_DE","og_type":"article","og_title":"Wir sind mit \u00f6ffentlichen Verkehrsmitteln jetzt noch besser erreichbar! - Deutsch in \u00d6sterreich - AAU (DE)","og_description":"Neue Haltestellen verbessern die Erreichbarkeit der Universit\u00e4t. Sowohl die neue S-Bahn-Haltestelle der \u00d6BB, Klagenfurt West, als auch Linienumstellungen der Stadtwerke verbessern die Erreichbarkeit der Universit\u00e4t Klagenfurt mittels \u00f6ffentlicher Verkehrsmittel. Auch ans Nachtlinien-Netz der Stadtwerke wurde die Haltestelle bei der Universit\u00e4t angeschlossen. Dieser Fahrplan ist seit 14. Dezember des vergangenen Jahres g\u00fcltig und soll die Nutzung [&hellip;]","og_url":"https:\/\/dia.aau.at\/de\/blog\/2015\/01\/12\/wir-sind-mit-oeffentlichen-verkehrsmitteln-jetzt-noch-besser-erreichbar\/","og_site_name":"Deutsch in \u00d6sterreich - AAU (DE)","article_published_time":"2015-01-12T11:00:27+00:00","article_modified_time":"2020-11-11T09:17:14+00:00","og_image":[{"width":2560,"height":996,"url":"https:\/\/dia.aau.at\/de\/wp-content\/uploads\/sites\/4\/2015\/01\/Blog-01_\u00d6BB-Pressefoto-scaled.jpg","type":"image\/jpeg"}],"twitter_card":"summary_large_image","twitter_misc":{"Verfasst von":"","Gesch\u00e4tzte Lesezeit":"1\u00a0Minute"},"schema":{"@context":"https:\/\/schema.org","@graph":[{"@type":"Article","@id":"https:\/\/dia.aau.at\/de\/blog\/2015\/01\/12\/wir-sind-mit-oeffentlichen-verkehrsmitteln-jetzt-noch-besser-erreichbar\/#article","isPartOf":{"@id":"https:\/\/dia.aau.at\/de\/blog\/2015\/01\/12\/wir-sind-mit-oeffentlichen-verkehrsmitteln-jetzt-noch-besser-erreichbar\/"},"author":{"name":"","@id":""},"headline":"Wir sind mit \u00f6ffentlichen Verkehrsmitteln jetzt noch besser erreichbar!","datePublished":"2015-01-12T11:00:27+00:00","dateModified":"2020-11-11T09:17:14+00:00","mainEntityOfPage":{"@id":"https:\/\/dia.aau.at\/de\/blog\/2015\/01\/12\/wir-sind-mit-oeffentlichen-verkehrsmitteln-jetzt-noch-besser-erreichbar\/"},"wordCount":131,"image":{"@id":"https:\/\/dia.aau.at\/de\/blog\/2015\/01\/12\/wir-sind-mit-oeffentlichen-verkehrsmitteln-jetzt-noch-besser-erreichbar\/#primaryimage"},"thumbnailUrl":"https:\/\/dia.aau.at\/de\/wp-content\/uploads\/sites\/4\/2015\/01\/Blog-01_\u00d6BB-Pressefoto-scaled.jpg","articleSection":["2015"],"inLanguage":"de"},{"@type":"WebPage","@id":"https:\/\/dia.aau.at\/de\/blog\/2015\/01\/12\/wir-sind-mit-oeffentlichen-verkehrsmitteln-jetzt-noch-besser-erreichbar\/","url":"https:\/\/dia.aau.at\/de\/blog\/2015\/01\/12\/wir-sind-mit-oeffentlichen-verkehrsmitteln-jetzt-noch-besser-erreichbar\/","name":"Wir sind mit \u00f6ffentlichen Verkehrsmitteln jetzt noch besser erreichbar! - Deutsch in \u00d6sterreich - AAU (DE)","isPartOf":{"@id":"https:\/\/dia.aau.at\/de\/#website"},"primaryImageOfPage":{"@id":"https:\/\/dia.aau.at\/de\/blog\/2015\/01\/12\/wir-sind-mit-oeffentlichen-verkehrsmitteln-jetzt-noch-besser-erreichbar\/#primaryimage"},"image":{"@id":"https:\/\/dia.aau.at\/de\/blog\/2015\/01\/12\/wir-sind-mit-oeffentlichen-verkehrsmitteln-jetzt-noch-besser-erreichbar\/#primaryimage"},"thumbnailUrl":"https:\/\/dia.aau.at\/de\/wp-content\/uploads\/sites\/4\/2015\/01\/Blog-01_\u00d6BB-Pressefoto-scaled.jpg","datePublished":"2015-01-12T11:00:27+00:00","dateModified":"2020-11-11T09:17:14+00:00","author":{"@id":""},"breadcrumb":{"@id":"https:\/\/dia.aau.at\/de\/blog\/2015\/01\/12\/wir-sind-mit-oeffentlichen-verkehrsmitteln-jetzt-noch-besser-erreichbar\/#breadcrumb"},"inLanguage":"de","potentialAction":[{"@type":"ReadAction","target":["https:\/\/dia.aau.at\/de\/blog\/2015\/01\/12\/wir-sind-mit-oeffentlichen-verkehrsmitteln-jetzt-noch-besser-erreichbar\/"]}]},{"@type":"ImageObject","inLanguage":"de","@id":"https:\/\/dia.aau.at\/de\/blog\/2015\/01\/12\/wir-sind-mit-oeffentlichen-verkehrsmitteln-jetzt-noch-besser-erreichbar\/#primaryimage","url":"https:\/\/dia.aau.at\/de\/wp-content\/uploads\/sites\/4\/2015\/01\/Blog-01_\u00d6BB-Pressefoto-scaled.jpg","contentUrl":"https:\/\/dia.aau.at\/de\/wp-content\/uploads\/sites\/4\/2015\/01\/Blog-01_\u00d6BB-Pressefoto-scaled.jpg","width":2560,"height":996,"caption":"Copyright: \u00d6BB | presse.oebb.at (Pressefoto)"},{"@type":"BreadcrumbList","@id":"https:\/\/dia.aau.at\/de\/blog\/2015\/01\/12\/wir-sind-mit-oeffentlichen-verkehrsmitteln-jetzt-noch-besser-erreichbar\/#breadcrumb","itemListElement":[{"@type":"ListItem","position":1,"name":"Startseite","item":"https:\/\/dia.aau.at\/de\/"},{"@type":"ListItem","position":2,"name":"Wir sind mit \u00f6ffentlichen Verkehrsmitteln jetzt noch besser erreichbar!"}]},{"@type":"WebSite","@id":"https:\/\/dia.aau.at\/de\/#website","url":"https:\/\/dia.aau.at\/de\/","name":"Deutsch in \u00d6sterreich - AAU (DE)","description":"German and other languages at the University of Klagenfurt","potentialAction":[{"@type":"SearchAction","target":{"@type":"EntryPoint","urlTemplate":"https:\/\/dia.aau.at\/de\/?s={search_term_string}"},"query-input":{"@type":"PropertyValueSpecification","valueRequired":true,"valueName":"search_term_string"}}],"inLanguage":"de"},{"@type":"Person","@id":"","url":"https:\/\/dia.aau.at\/de\/blog\/author\/"}]}},"_links":{"self":[{"href":"https:\/\/dia.aau.at\/de\/wp-json\/wp\/v2\/posts\/3964","targetHints":{"allow":["GET"]}}],"collection":[{"href":"https:\/\/dia.aau.at\/de\/wp-json\/wp\/v2\/posts"}],"about":[{"href":"https:\/\/dia.aau.at\/de\/wp-json\/wp\/v2\/types\/post"}],"author":[{"embeddable":true,"href":"https:\/\/dia.aau.at\/de\/wp-json\/wp\/v2\/users\/3"}],"replies":[{"embeddable":true,"href":"https:\/\/dia.aau.at\/de\/wp-json\/wp\/v2\/comments?post=3964"}],"version-history":[{"count":3,"href":"https:\/\/dia.aau.at\/de\/wp-json\/wp\/v2\/posts\/3964\/revisions"}],"predecessor-version":[{"id":4261,"href":"https:\/\/dia.aau.at\/de\/wp-json\/wp\/v2\/posts\/3964\/revisions\/4261"}],"wp:featuredmedia":[{"embeddable":true,"href":"https:\/\/dia.aau.at\/de\/wp-json\/wp\/v2\/media\/4227"}],"wp:attachment":[{"href":"https:\/\/dia.aau.at\/de\/wp-json\/wp\/v2\/media?parent=3964"}],"wp:term":[{"taxonomy":"category","embeddable":true,"href":"https:\/\/dia.aau.at\/de\/wp-json\/wp\/v2\/categories?post=3964"},{"taxonomy":"post_tag","embeddable":true,"href":"https:\/\/dia.aau.at\/de\/wp-json\/wp\/v2\/tags?post=3964"}],"curies":[{"name":"wp","href":"https:\/\/api.w.org\/{rel}","templated":true}]}}